{"id":730,"date":"2016-03-06T21:38:51","date_gmt":"2016-03-06T20:38:51","guid":{"rendered":"http:\/\/hallaryd.se\/?p=730"},"modified":"2016-03-06T21:40:31","modified_gmt":"2016-03-06T20:40:31","slug":"succe-med-semmelcafe","status":"publish","type":"post","link":"https:\/\/hallaryd.se\/?p=730","title":{"rendered":"Succ\u00e9 med semmelcaf\u00e9!"},"content":{"rendered":"<p style=\"text-align: justify;\">Det var en modig skara som trotsade sn\u00f6v\u00e4der och halka f\u00f6r att i goda v\u00e4nners lag fika i Hallarydsg\u00e5rden p\u00e5 s\u00f6ndagens semmelcaf\u00e9 anordnat av Hallaryds Sockenr\u00e5d.<\/p>\n<p><a href=\"http:\/\/hallaryd.se\/wp-content\/uploads\/2016\/02\/affisch-semmelcaf\u00e9-sockenr\u00e5det.jpg\"><img loading=\"lazy\" decoding=\"async\" class=\"aligncenter\" alt=\"affisch semmelcaf\u00e9 sockenr\u00e5det\" src=\"http:\/\/hallaryd.se\/wp-content\/uploads\/2016\/02\/affisch-semmelcaf\u00e9-sockenr\u00e5det-212x300.jpg\" width=\"212\" height=\"300\" \/><\/a><\/p>\n<p style=\"text-align: justify;\">Uppslutningen blev \u00f6ver f\u00f6rv\u00e4ntan och redan vid halvfyra-tiden fanns det bara kaffe och saft kvar! Alla semlorna blev upp\u00e4tna och det var s\u00e5 trevligt att \u00f6nskem\u00e5l om fler caf\u00e9 dagar efterfr\u00e5gades. Att samarbeta med Hallaryds kyrka och kombinera kyrkkaffet med semlor i en fin gammal g\u00e5rd var riktigt trevligt!<\/p>\n<p style=\"text-align: justify;\"><span style=\"font-weight: 300;\">\u00c5terigen har det visat sig att Hallaryd \u00e4r en aktiv by med en stark gemenskap!<\/span><\/p>\n<p style=\"text-align: justify;\"><strong><span style=\"color: #0000ff;\">Kom ih\u00e5g! <\/span><\/strong><\/p>\n<p style=\"text-align: justify;\"><strong><span style=\"color: #0000ff;\">Hallaryds sockenr\u00e5ds \u00e5rsm\u00f6te s\u00f6ndagen 20 mars kl 16.00 i Hallarydsg\u00e5rden!<\/span><\/strong><\/p>\n<p style=\"text-align: justify;\"><a href=\"http:\/\/hallaryd.se\/wp-content\/uploads\/2016\/03\/Dagordning-\u00c5rsm\u00f6te-2016.pdf\">Dagordning \u00c5rsm\u00f6te 2016<\/a><\/p>\n<p>&nbsp;<\/p>\n<p>&nbsp;<\/p>\n<p><a href=\"http:\/\/hallaryd.se\/wp-content\/uploads\/2016\/02\/affisch-semmelcaf\u00e9-sockenr\u00e5det.jpg\">\u00a0<\/a><\/p>\n","protected":false},"excerpt":{"rendered":"<p>Det var en modig skara som trotsade sn\u00f6v\u00e4der och halka f\u00f6r att i goda v\u00e4nners lag fika i Hallarydsg\u00e5rden p\u00e5 s\u00f6ndagens semmelcaf\u00e9 anordnat av Hallaryds Sockenr\u00e5d. Uppslutningen blev \u00f6ver f\u00f6rv\u00e4ntan och redan vid halvfyra-tiden fanns det bara kaffe och saft &hellip; <a href=\"https:\/\/hallaryd.se\/?p=730\">Continue reading <span class=\"meta-nav\">&rarr;<\/span><\/a><\/p>\n","protected":false},"author":12,"featured_media":0,"comment_status":"open","ping_status":"open","sticky":false,"template":"","format":"standard","meta":{"footnotes":""},"categories":[1],"tags":[],"class_list":["post-730","post","type-post","status-publish","format-standard","hentry","category-okategoriserade"],"_links":{"self":[{"href":"https:\/\/hallaryd.se\/index.php?rest_route=\/wp\/v2\/posts\/730","targetHints":{"allow":["GET"]}}],"collection":[{"href":"https:\/\/hallaryd.se\/index.php?rest_route=\/wp\/v2\/posts"}],"about":[{"href":"https:\/\/hallaryd.se\/index.php?rest_route=\/wp\/v2\/types\/post"}],"author":[{"embeddable":true,"href":"https:\/\/hallaryd.se\/index.php?rest_route=\/wp\/v2\/users\/12"}],"replies":[{"embeddable":true,"href":"https:\/\/hallaryd.se\/index.php?rest_route=%2Fwp%2Fv2%2Fcomments&post=730"}],"version-history":[{"count":8,"href":"https:\/\/hallaryd.se\/index.php?rest_route=\/wp\/v2\/posts\/730\/revisions"}],"predecessor-version":[{"id":738,"href":"https:\/\/hallaryd.se\/index.php?rest_route=\/wp\/v2\/posts\/730\/revisions\/738"}],"wp:attachment":[{"href":"https:\/\/hallaryd.se\/index.php?rest_route=%2Fwp%2Fv2%2Fmedia&parent=730"}],"wp:term":[{"taxonomy":"category","embeddable":true,"href":"https:\/\/hallaryd.se\/index.php?rest_route=%2Fwp%2Fv2%2Fcategories&post=730"},{"taxonomy":"post_tag","embeddable":true,"href":"https:\/\/hallaryd.se\/index.php?rest_route=%2Fwp%2Fv2%2Ftags&post=730"}],"curies":[{"name":"wp","href":"https:\/\/api.w.org\/{rel}","templated":true}]}}