{"id":698,"date":"2015-10-21T22:34:53","date_gmt":"2015-10-21T20:34:53","guid":{"rendered":"http:\/\/hallaryd.se\/?p=698"},"modified":"2015-10-21T22:34:53","modified_gmt":"2015-10-21T20:34:53","slug":"en-delad-andraplats-for-hallaryds-sockenrad-i-arets-kugghjulsgala","status":"publish","type":"post","link":"https:\/\/hallaryd.se\/?p=698","title":{"rendered":"En delad andraplats f\u00f6r Hallaryds Sockenr\u00e5d i \u00e5rets Kugghjulsgala!"},"content":{"rendered":"<div id=\"attachment_699\" style=\"width: 1034px\" class=\"wp-caption alignleft\"><a href=\"http:\/\/hallaryd.se\/wp-content\/uploads\/2015\/10\/P1060185.jpg\"><img loading=\"lazy\" decoding=\"async\" aria-describedby=\"caption-attachment-699\" class=\" wp-image-699\" title=\"De tre finalisterna fr\u00e5n kategorin Landsbygdsf\u00f6rening\" alt=\"P1060185\" src=\"http:\/\/hallaryd.se\/wp-content\/uploads\/2015\/10\/P1060185.jpg\" width=\"1024\" height=\"768\" srcset=\"https:\/\/hallaryd.se\/wp-content\/uploads\/2015\/10\/P1060185.jpg 1024w, https:\/\/hallaryd.se\/wp-content\/uploads\/2015\/10\/P1060185-300x225.jpg 300w, https:\/\/hallaryd.se\/wp-content\/uploads\/2015\/10\/P1060185-400x300.jpg 400w\" sizes=\"auto, (max-width: 1024px) 100vw, 1024px\" \/><\/a><p id=\"caption-attachment-699\" class=\"wp-caption-text\">Finalisterna fr\u00e5n G\u00f6teryds Hembygdsf\u00f6rening, Hallaryds sockenr\u00e5d och Gemla Samh\u00e4llsr\u00e5d!<\/p><\/div>\n<p>Vid g\u00e5rdagens Kugghjulsgala p\u00e5 residenset i V\u00e4xj\u00f6, blev Hallaryds Sockenr\u00e5d f\u00f6r andra g\u00e5ngen nominerade i kategorin \u00c5rets Landsbygdsf\u00f6rening och hamnade p\u00e5 en delad andraplats tillsammans med Gemla Samh\u00e4llsr\u00e5d efter en v\u00e4lf\u00f6rtj\u00e4nt seger f\u00f6r G\u00f6teryds Hembygdsf\u00f6rening!<\/p>\n<p>Kugghjulsgalan som h\u00f6lls f\u00f6r tredje \u00e5ret \u00e4r ett samarrangemang med landsh\u00f6vdingen Kristina Als\u00e9r, LRF Sydost, Hela Sverige ska leva, Kronobergs l\u00e4n. En ny kategori f\u00f6r i \u00e5r \u00e4r \u00c5rets unga landsbygdsentrepren\u00f6r, s\u00e5 i \u00e5r \u00e4r ocks\u00e5 Almi f\u00f6retagspartner, Coompanion, Drivhuset, f\u00f6retag<em>arna,<\/em> Nyf\u00f6retagarCentrum och Ung f\u00f6retagsamhet.<\/p>\n<p>Fr\u00e5n styrelsen i Hela Sverige ska leva, Kronobergs l\u00e4n deltog Anders Olsson och Sven-Olof Sj\u00f6holm i juryarbetet.<\/p>\n<p>Ett stort grattis till G\u00f6teryds Hembygdsf\u00f6rening fr\u00e5n Hallaryds Sockenr\u00e5d!<\/p>\n<p>&nbsp;<\/p>\n<p>&nbsp;<\/p>\n","protected":false},"excerpt":{"rendered":"<p>Vid g\u00e5rdagens Kugghjulsgala p\u00e5 residenset i V\u00e4xj\u00f6, blev Hallaryds Sockenr\u00e5d f\u00f6r andra g\u00e5ngen nominerade i kategorin \u00c5rets Landsbygdsf\u00f6rening och hamnade p\u00e5 en delad andraplats tillsammans med Gemla Samh\u00e4llsr\u00e5d efter en v\u00e4lf\u00f6rtj\u00e4nt seger f\u00f6r G\u00f6teryds Hembygdsf\u00f6rening! Kugghjulsgalan som h\u00f6lls f\u00f6r tredje &hellip; <a href=\"https:\/\/hallaryd.se\/?p=698\">Continue reading <span class=\"meta-nav\">&rarr;<\/span><\/a><\/p>\n","protected":false},"author":12,"featured_media":0,"comment_status":"open","ping_status":"open","sticky":false,"template":"","format":"standard","meta":{"footnotes":""},"categories":[1],"tags":[],"class_list":["post-698","post","type-post","status-publish","format-standard","hentry","category-okategoriserade"],"_links":{"self":[{"href":"https:\/\/hallaryd.se\/index.php?rest_route=\/wp\/v2\/posts\/698","targetHints":{"allow":["GET"]}}],"collection":[{"href":"https:\/\/hallaryd.se\/index.php?rest_route=\/wp\/v2\/posts"}],"about":[{"href":"https:\/\/hallaryd.se\/index.php?rest_route=\/wp\/v2\/types\/post"}],"author":[{"embeddable":true,"href":"https:\/\/hallaryd.se\/index.php?rest_route=\/wp\/v2\/users\/12"}],"replies":[{"embeddable":true,"href":"https:\/\/hallaryd.se\/index.php?rest_route=%2Fwp%2Fv2%2Fcomments&post=698"}],"version-history":[{"count":3,"href":"https:\/\/hallaryd.se\/index.php?rest_route=\/wp\/v2\/posts\/698\/revisions"}],"predecessor-version":[{"id":702,"href":"https:\/\/hallaryd.se\/index.php?rest_route=\/wp\/v2\/posts\/698\/revisions\/702"}],"wp:attachment":[{"href":"https:\/\/hallaryd.se\/index.php?rest_route=%2Fwp%2Fv2%2Fmedia&parent=698"}],"wp:term":[{"taxonomy":"category","embeddable":true,"href":"https:\/\/hallaryd.se\/index.php?rest_route=%2Fwp%2Fv2%2Fcategories&post=698"},{"taxonomy":"post_tag","embeddable":true,"href":"https:\/\/hallaryd.se\/index.php?rest_route=%2Fwp%2Fv2%2Ftags&post=698"}],"curies":[{"name":"wp","href":"https:\/\/api.w.org\/{rel}","templated":true}]}}