{"id":664,"date":"2015-06-02T11:04:36","date_gmt":"2015-06-02T09:04:36","guid":{"rendered":"http:\/\/hallaryd.se\/?p=664"},"modified":"2015-06-02T11:04:36","modified_gmt":"2015-06-02T09:04:36","slug":"dags-for-hallarydsdagen","status":"publish","type":"post","link":"https:\/\/hallaryd.se\/?p=664","title":{"rendered":"Dags f\u00f6r Hallarydsdagen!"},"content":{"rendered":"<p><strong>Kom och upplev gemytet i Hallaryd p\u00e5 nationaldagen 6 juni 2015!<\/strong><\/p>\n<div id=\"attachment_455\" style=\"width: 430px\" class=\"wp-caption aligncenter\"><a href=\"http:\/\/hallaryd.se\/wp-content\/uploads\/2014\/07\/PO1_8523-600.jpg\"><img loading=\"lazy\" decoding=\"async\" aria-describedby=\"caption-attachment-455\" class=\" wp-image-455   \" title=\"Vy \u00f6ver sk\u00f6na Helge \u00e5!\" alt=\"Helge \u00e5\" src=\"http:\/\/hallaryd.se\/wp-content\/uploads\/2014\/07\/PO1_8523-600.jpg\" width=\"420\" height=\"280\" srcset=\"https:\/\/hallaryd.se\/wp-content\/uploads\/2014\/07\/PO1_8523-600.jpg 600w, https:\/\/hallaryd.se\/wp-content\/uploads\/2014\/07\/PO1_8523-600-300x200.jpg 300w, https:\/\/hallaryd.se\/wp-content\/uploads\/2014\/07\/PO1_8523-600-450x300.jpg 450w\" sizes=\"auto, (max-width: 420px) 100vw, 420px\" \/><\/a><p id=\"caption-attachment-455\" class=\"wp-caption-text\"><br \/>Vy \u00f6ver sk\u00f6na Helge \u00e5!<\/p><\/div>\n<p>H\u00e4r blandas godsaker f\u00f6r stora och sm\u00e5, roliga aktiviteter och sp\u00e4nnande \u00e4ventyr med vacker natur och trevliga stunder bland v\u00e4nner och bekanta!<\/p>\n<p>Glad musik och fint hantverk, heta grillar och \u00e5ngande v\u00e5ffelj\u00e4rn, kaffedoft och mingel, allt som skapar fantastiska upplevelser erbjuds p\u00e5 Hallarydsdagen!<\/p>\n<p><em>Alla h\u00e4lsas varmt v\u00e4lkomna!<\/em><\/p>\n<p>H\u00f6gerklicka p\u00e5 l\u00e4nken nedan och \u00f6ppna v\u00e5r fina folder, d\u00e4r hittar ni mer information om Hallarydsdagens rika utbud.<\/p>\n<p><a href=\"http:\/\/hallaryd.se\/wp-content\/uploads\/2015\/06\/Folder-Hallarydsdagen-2015.pdf\">Folder Hallarydsdagen 2015<\/a><\/p>\n<p>Arrang\u00f6rer \u00e4r Hallaryds hembygdsf\u00f6rening, Hallaryds Sockenr\u00e5d, Hallaryds IF, Betelkyrkan och Hallarydsg\u00e5rden.<\/p>\n<p>&nbsp;<\/p>\n<p>&nbsp;<\/p>\n","protected":false},"excerpt":{"rendered":"<p>Kom och upplev gemytet i Hallaryd p\u00e5 nationaldagen 6 juni 2015! H\u00e4r blandas godsaker f\u00f6r stora och sm\u00e5, roliga aktiviteter och sp\u00e4nnande \u00e4ventyr med vacker natur och trevliga stunder bland v\u00e4nner och bekanta! Glad musik och fint hantverk, heta grillar &hellip; <a href=\"https:\/\/hallaryd.se\/?p=664\">Continue reading <span class=\"meta-nav\">&rarr;<\/span><\/a><\/p>\n","protected":false},"author":12,"featured_media":0,"comment_status":"open","ping_status":"open","sticky":false,"template":"","format":"standard","meta":{"footnotes":""},"categories":[1],"tags":[],"class_list":["post-664","post","type-post","status-publish","format-standard","hentry","category-okategoriserade"],"_links":{"self":[{"href":"https:\/\/hallaryd.se\/index.php?rest_route=\/wp\/v2\/posts\/664","targetHints":{"allow":["GET"]}}],"collection":[{"href":"https:\/\/hallaryd.se\/index.php?rest_route=\/wp\/v2\/posts"}],"about":[{"href":"https:\/\/hallaryd.se\/index.php?rest_route=\/wp\/v2\/types\/post"}],"author":[{"embeddable":true,"href":"https:\/\/hallaryd.se\/index.php?rest_route=\/wp\/v2\/users\/12"}],"replies":[{"embeddable":true,"href":"https:\/\/hallaryd.se\/index.php?rest_route=%2Fwp%2Fv2%2Fcomments&post=664"}],"version-history":[{"count":2,"href":"https:\/\/hallaryd.se\/index.php?rest_route=\/wp\/v2\/posts\/664\/revisions"}],"predecessor-version":[{"id":667,"href":"https:\/\/hallaryd.se\/index.php?rest_route=\/wp\/v2\/posts\/664\/revisions\/667"}],"wp:attachment":[{"href":"https:\/\/hallaryd.se\/index.php?rest_route=%2Fwp%2Fv2%2Fmedia&parent=664"}],"wp:term":[{"taxonomy":"category","embeddable":true,"href":"https:\/\/hallaryd.se\/index.php?rest_route=%2Fwp%2Fv2%2Fcategories&post=664"},{"taxonomy":"post_tag","embeddable":true,"href":"https:\/\/hallaryd.se\/index.php?rest_route=%2Fwp%2Fv2%2Ftags&post=664"}],"curies":[{"name":"wp","href":"https:\/\/api.w.org\/{rel}","templated":true}]}}