{"id":549,"date":"2014-09-11T20:11:04","date_gmt":"2014-09-11T18:11:04","guid":{"rendered":"http:\/\/hallaryd.se\/?p=549"},"modified":"2014-09-11T20:11:04","modified_gmt":"2014-09-11T18:11:04","slug":"vad-kan-vi-gora-for-att-skapa-en-battre-varld","status":"publish","type":"post","link":"https:\/\/hallaryd.se\/?p=549","title":{"rendered":"Vad kan vi g\u00f6ra f\u00f6r att skapa en b\u00e4ttre v\u00e4rld?"},"content":{"rendered":"<h1>Hur vill vi att v\u00e5r v\u00e4rld ska vara?<\/h1>\n<p>Jag tappar l\u00e4tt tron p\u00e5 m\u00e4nskligheten n\u00e4r jag ser p\u00e5 TV-nyheterna eller l\u00e4ser webbtidningarna och all oro som detta skapar, s\u00e4kert inte bara hos mig, \u00e4r i sig mer skr\u00e4mmande \u00e4n de faktiska h\u00e4ndelser som sker ute i v\u00e4rlden.<\/p>\n<p>Att st\u00e4ndigt matas med olika hemskheter kan l\u00e4tt fastna och kan skapa en k\u00e4nsla av att vi kan drabbas n\u00e4r som helst.<\/p>\n<p>M\u00e4nniskor som \u00e4r skr\u00e4mda och uppjagade t\u00e4nker inte p\u00e5 samma s\u00e4tt som n\u00e4r de k\u00e4nner sig trygga och tillitsfulla mot sig sj\u00e4lva och omv\u00e4rlden. Detta g\u00f6r oss mer p\u00e5verkbara och vi gl\u00f6mmer kanske att vi bor i ett samh\u00e4lle som ska kunna v\u00e4lkomna alla oavsett \u00e5lder, k\u00f6n, sjukdom, etnicitet eller andra saker som skiljer oss \u00e5t och g\u00f6r oss unika. Motsatsen till m\u00e5ngfald \u00e4r m\u00e5nga g\u00e5nger enfald!<\/p>\n<p>Vi kan alla genom v\u00e5ra medvetna g\u00e4rningar g\u00f6ra gott och f\u00f6r\u00e4ndra v\u00e5ra egna attityder gentemot v\u00e5r omv\u00e4rld. Vi kan bara \u00e4ndra p\u00e5 oss sj\u00e4lva, ingen annan!<\/p>\n<p>En sida med m\u00e5nga bra tips p\u00e5 hur vi med sm\u00e5 medel kan \u00e5stadkomma n\u00e5got gott f\u00f6r andra fick jag tips om och jag vill g\u00e4rna dela den vidare till alla som l\u00e4ser bloggen.<\/p>\n<p><a title=\"Att g\u00f6ra skillnad \" href=\"http:\/\/goraskillnad.nu\/\" target=\"_blank\">http:\/\/www.goraskillnad.nu\/ <\/a><\/p>\n<p><span style=\"color: #008000;\"><em><strong>Ingen kan g\u00f6ra allt, men alla kan g\u00f6ra n\u00e5got!<\/strong><\/em><\/span><\/p>\n<p>Jag \u00f6nskar alla en varm och sk\u00f6n h\u00f6st!<\/p>\n<h2>\u00c5sa Dahlstr\u00f6m<\/h2>\n<h2>Ordf\u00f6rande<\/h2>\n<h2>Hallaryds Sockenr\u00e5d<\/h2>\n","protected":false},"excerpt":{"rendered":"<p>Hur vill vi att v\u00e5r v\u00e4rld ska vara? Jag tappar l\u00e4tt tron p\u00e5 m\u00e4nskligheten n\u00e4r jag ser p\u00e5 TV-nyheterna eller l\u00e4ser webbtidningarna och all oro som detta skapar, s\u00e4kert inte bara hos mig, \u00e4r i sig mer skr\u00e4mmande \u00e4n de &hellip; <a href=\"https:\/\/hallaryd.se\/?p=549\">Continue reading <span class=\"meta-nav\">&rarr;<\/span><\/a><\/p>\n","protected":false},"author":12,"featured_media":0,"comment_status":"open","ping_status":"open","sticky":false,"template":"","format":"standard","meta":{"footnotes":""},"categories":[1],"tags":[],"class_list":["post-549","post","type-post","status-publish","format-standard","hentry","category-okategoriserade"],"_links":{"self":[{"href":"https:\/\/hallaryd.se\/index.php?rest_route=\/wp\/v2\/posts\/549","targetHints":{"allow":["GET"]}}],"collection":[{"href":"https:\/\/hallaryd.se\/index.php?rest_route=\/wp\/v2\/posts"}],"about":[{"href":"https:\/\/hallaryd.se\/index.php?rest_route=\/wp\/v2\/types\/post"}],"author":[{"embeddable":true,"href":"https:\/\/hallaryd.se\/index.php?rest_route=\/wp\/v2\/users\/12"}],"replies":[{"embeddable":true,"href":"https:\/\/hallaryd.se\/index.php?rest_route=%2Fwp%2Fv2%2Fcomments&post=549"}],"version-history":[{"count":5,"href":"https:\/\/hallaryd.se\/index.php?rest_route=\/wp\/v2\/posts\/549\/revisions"}],"predecessor-version":[{"id":557,"href":"https:\/\/hallaryd.se\/index.php?rest_route=\/wp\/v2\/posts\/549\/revisions\/557"}],"wp:attachment":[{"href":"https:\/\/hallaryd.se\/index.php?rest_route=%2Fwp%2Fv2%2Fmedia&parent=549"}],"wp:term":[{"taxonomy":"category","embeddable":true,"href":"https:\/\/hallaryd.se\/index.php?rest_route=%2Fwp%2Fv2%2Fcategories&post=549"},{"taxonomy":"post_tag","embeddable":true,"href":"https:\/\/hallaryd.se\/index.php?rest_route=%2Fwp%2Fv2%2Ftags&post=549"}],"curies":[{"name":"wp","href":"https:\/\/api.w.org\/{rel}","templated":true}]}}