{"id":526,"date":"2014-08-20T18:12:35","date_gmt":"2014-08-20T16:12:35","guid":{"rendered":"http:\/\/hallaryd.se\/?p=526"},"modified":"2014-08-28T22:51:06","modified_gmt":"2014-08-28T20:51:06","slug":"sven-i-kullerod-spelar-i-hallaryds-kyrka","status":"publish","type":"post","link":"https:\/\/hallaryd.se\/?p=526","title":{"rendered":"Sven i Kuller\u00f6d spelar i Hallaryds kyrka 31 augusti"},"content":{"rendered":"<p><a href=\"http:\/\/hallaryd.se\/wp-content\/uploads\/2014\/08\/admin-ajax.php_.jpg\"><img loading=\"lazy\" decoding=\"async\" src=\"http:\/\/hallaryd.se\/wp-content\/uploads\/2014\/08\/admin-ajax.php_-300x296.jpg\" alt=\"admin-ajax.php\" width=\"300\" height=\"296\" class=\"alignnone size-medium wp-image-543\" srcset=\"https:\/\/hallaryd.se\/wp-content\/uploads\/2014\/08\/admin-ajax.php_-300x296.jpg 300w, https:\/\/hallaryd.se\/wp-content\/uploads\/2014\/08\/admin-ajax.php_-303x300.jpg 303w, https:\/\/hallaryd.se\/wp-content\/uploads\/2014\/08\/admin-ajax.php_.jpg 340w\" sizes=\"auto, (max-width: 300px) 100vw, 300px\" \/><\/a>Det \u00e4r med stor gl\u00e4dje vi h\u00e4lsar en fin musikant v\u00e4lkommen till kyrkan. Sven har m\u00e5nga g\u00e5nger sagt att han egentligen slutat spela, och det st\u00e4mmer vad g\u00e4ller trumpeten, men ibland tar han fram klarinetten och l\u00e5ter ljuva toner komma ur den!<\/p>\n<p>S\u00f6ndagen 31 augusti kl 16 tar han med sig sonen Glenn p\u00e5 gitarr och Irene och Bernt-Ove Kroon fr\u00e5n Osby som sjunger och spelar piano.<\/p>\n<p>Det \u00e4r ocks\u00e5 Hallaryds f\u00f6rsamlingsdag, s\u00e5 efter musikstunden i kyrkan, med en kort andakt med Vidar Lundb\u00e4ck, blir det kv\u00e4llsmat med frallor i f\u00f6rsamlingshemmet.<\/p>\n<p>ALLA V\u00c4LKOMNA<\/p>\n","protected":false},"excerpt":{"rendered":"<p>Det \u00e4r med stor gl\u00e4dje vi h\u00e4lsar en fin musikant v\u00e4lkommen till kyrkan. Sven har m\u00e5nga g\u00e5nger sagt att han egentligen slutat spela, och det st\u00e4mmer vad g\u00e4ller trumpeten, men ibland tar han fram klarinetten och l\u00e5ter ljuva toner komma &hellip; <a href=\"https:\/\/hallaryd.se\/?p=526\">Continue reading <span class=\"meta-nav\">&rarr;<\/span><\/a><\/p>\n","protected":false},"author":12,"featured_media":0,"comment_status":"open","ping_status":"open","sticky":false,"template":"","format":"image","meta":{"footnotes":""},"categories":[1],"tags":[],"class_list":["post-526","post","type-post","status-publish","format-image","hentry","category-okategoriserade","post_format-post-format-image"],"_links":{"self":[{"href":"https:\/\/hallaryd.se\/index.php?rest_route=\/wp\/v2\/posts\/526","targetHints":{"allow":["GET"]}}],"collection":[{"href":"https:\/\/hallaryd.se\/index.php?rest_route=\/wp\/v2\/posts"}],"about":[{"href":"https:\/\/hallaryd.se\/index.php?rest_route=\/wp\/v2\/types\/post"}],"author":[{"embeddable":true,"href":"https:\/\/hallaryd.se\/index.php?rest_route=\/wp\/v2\/users\/12"}],"replies":[{"embeddable":true,"href":"https:\/\/hallaryd.se\/index.php?rest_route=%2Fwp%2Fv2%2Fcomments&post=526"}],"version-history":[{"count":11,"href":"https:\/\/hallaryd.se\/index.php?rest_route=\/wp\/v2\/posts\/526\/revisions"}],"predecessor-version":[{"id":546,"href":"https:\/\/hallaryd.se\/index.php?rest_route=\/wp\/v2\/posts\/526\/revisions\/546"}],"wp:attachment":[{"href":"https:\/\/hallaryd.se\/index.php?rest_route=%2Fwp%2Fv2%2Fmedia&parent=526"}],"wp:term":[{"taxonomy":"category","embeddable":true,"href":"https:\/\/hallaryd.se\/index.php?rest_route=%2Fwp%2Fv2%2Fcategories&post=526"},{"taxonomy":"post_tag","embeddable":true,"href":"https:\/\/hallaryd.se\/index.php?rest_route=%2Fwp%2Fv2%2Ftags&post=526"}],"curies":[{"name":"wp","href":"https:\/\/api.w.org\/{rel}","templated":true}]}}