{"id":506,"date":"2014-08-18T22:22:18","date_gmt":"2014-08-18T20:22:18","guid":{"rendered":"http:\/\/hallaryd.se\/?p=506"},"modified":"2014-08-18T22:22:18","modified_gmt":"2014-08-18T20:22:18","slug":"mote-med-romerna-i-betel-kyrkan-i-hallaryd-sondagen-den-17-augusti-2014","status":"publish","type":"post","link":"https:\/\/hallaryd.se\/?p=506","title":{"rendered":"M\u00f6te med romerna i Betel kyrkan i Hallaryd s\u00f6ndagen den 17 augusti 2014."},"content":{"rendered":"<p style=\"text-align: justify;\">Efter s\u00f6ndagens m\u00f6te i Betel, d\u00e4r Maria ber\u00e4ttade inf\u00f6r f\u00f6rsamlingen om hur hennes situation i Rum\u00e4nien ser ut, fick jag m\u00f6jlighet att intervjua henne och \u00e4ven tr\u00e4ffa de andra sl\u00e4ktingar och grannar som har kommit hit tillsammans med Maria.<\/p>\n<p style=\"text-align: justify;\">Maria, som \u00e4r l\u00e4tt att f\u00f6rst\u00e5 d\u00e5 hon pratar bra engelska, och hennes man Daniel har kommit till Sverige och \u00c4lmhult f\u00f6r att i f\u00f6rsta hand f\u00f6rs\u00f6ka samla ihop pengar till sin 5-\u00e5rige sons operation som ber\u00e4knas kosta ungef\u00e4r 300 \u20ac, ca 2 700 kr . De \u00e4r tvungna att betala innan operationen utf\u00f6rs och pojken ligger nu p\u00e5 sjukhus tillsammans med sin mormor. Han har skadat sig i benet och en metallsk\u00e4rva som sitter kvar orsakar infektion och m\u00e5ste opereras bort.<\/p>\n<p style=\"text-align: justify;\">Deras andra tv\u00e5 pojkar, 8 och 11 \u00e5r gamla, passas av sin farmor.<\/p>\n<p style=\"text-align: justify;\">Barnen f\u00e5r g\u00e5 i skolan, men de m\u00e5ste ha skoluniform p\u00e5 sig annars blir de inte insl\u00e4ppta i skolan och den kostar ungef\u00e4r 50 \u20ac, ca 450 kr, per barn.<\/p>\n<p style=\"text-align: justify;\">F\u00f6r alla tre barnen tillsammans f\u00e5r de ett statligt barnbidrag p\u00e5 ca 100 kr i m\u00e5naden och en liter ekologisk mj\u00f6lk kostar ca 20 kr! I skolan f\u00e5r barnen en bit br\u00f6d och ett glas l\u00e4ttmj\u00f6lk som lunch.<\/p>\n<p style=\"text-align: justify;\">Under tiden som de varit i Sverige har de drabbats av \u00e4nnu ett h\u00e5rt slag. Deras hus har spolats bort i \u00f6versv\u00e4mningen i slutet av juli som drabbade b\u00e5de Bulgarien och Rum\u00e4nien. Det \u00e4r dyrt att f\u00f6rs\u00e4kra hus i Rum\u00e4nien, troligtvis beror det p\u00e5 att \u00f6versv\u00e4mningar \u00e4r en \u00e5terkommande pl\u00e5ga f\u00f6r befolkningen.<\/p>\n<p style=\"text-align: justify;\">Se reportage fr\u00e5n www.corren.se:<\/p>\n<p style=\"text-align: justify;\"><a href=\"http:\/\/www.corren.se\/nyheter\/varlden\/fem-doda-efter-skyfall-i-osteuropa-7199392.aspx\">http:\/\/www.corren.se\/nyheter\/varlden\/fem-doda-efter-skyfall-i-osteuropa-7199392.aspx<\/a><\/p>\n<div style=\"text-align: justify;\">\n<p>N\u00e4r de kommer hem blir \u00a0n\u00e4sta stora projekt att bygga ett nytt hus &#8230;<\/p>\n<p>Att f\u00e5 ha tak \u00f6ver huvudet, m\u00f6jlighet att sk\u00f6ta hygien och kunna laga sin egen mat \u00e4r s\u00e5dant vi tar f\u00f6r givet och som Maria och hennes v\u00e4nner \u00e4r tacksamma f\u00f6r att de har f\u00e5tt m\u00f6jlighet till i Betel.<\/p>\n<p>Maria ber\u00e4ttar att de inte kan f\u00e5 riktiga jobb i Rum\u00e4nien, de har f\u00e5tt f\u00f6rs\u00f6rja sig med dagsverken som t ex \u00a0tr\u00e4dg\u00e5rdssk\u00f6tare. 2005 var hon tv\u00e5 m\u00e5nader \u00a0i Portugal och 2006 tv\u00e5 m\u00e5nader i Spanien och plockade apelsiner.<\/p>\n<p>Om du k\u00e4nner att du inte vill byta liv med Maria f\u00f6rs\u00f6k att hj\u00e4lpa ist\u00e4llet. De beh\u00f6ver hj\u00e4lp med sitt uppeh\u00e4lle h\u00e4r i Sverige och till familjen som \u00e4r kvar i Rum\u00e4nien. P\u00e5 fr\u00e5gan om hur l\u00e4nge de stannar blir svaret 2-3 m\u00e5nader.<\/p>\n<p>Sk\u00e4nk g\u00e4rna matvaror som:<\/p>\n<\/div>\n<div style=\"text-align: justify;\">\n<p><em>Potatis, ris, pasta, os\u00f6tat br\u00f6d, sm\u00f6r, ost, grisk\u00f6tt, kyckling, \u00e4gg, mj\u00f6lk, gr\u00f6nsaker <span style=\"text-decoration: underline;\">o<\/span> frukt.<\/em><\/p>\n<\/div>\n<p style=\"text-align: justify;\">De beh\u00f6ver \u00e4ven hygienartiklar som :<\/p>\n<p style=\"text-align: justify;\"><em>Toapapper, hush\u00e5llspapper, tandkr\u00e4m, duschtv\u00e5l <span style=\"text-decoration: underline;\">o<\/span> schampo<\/em><\/p>\n<p style=\"text-align: justify;\">Det hj\u00e4lper dem att hush\u00e5lla med de f\u00e5 slantar de f\u00e5r genom att be om allmosor utanf\u00f6r aff\u00e4rerna.<\/p>\n<p style=\"text-align: justify;\"><strong>K\u00e4nner du att det \u00e4r dags att \u00e4ndra p\u00e5 romernas livsvillkor och ge dem en m\u00f6jlighet att skapa en v\u00e4rdig livssituation i Rum\u00e4nien, spelar kunskap en viktig roll.<\/strong><\/p>\n<p style=\"text-align: justify;\">H\u00e4r hittar du information om romernas situation i Europa, om hur EU f\u00f6rs\u00f6ker skapa b\u00e4ttre f\u00f6ruts\u00e4ttningar f\u00f6r romerna och varf\u00f6r hj\u00e4lpen inte n\u00e5r fram.<\/p>\n<p style=\"text-align: justify;\"><a href=\"http:\/\/ec.europa.eu\/justice\/discrimination\/roma\/index_en.htm\">http:\/\/ec.europa.eu\/justice\/discrimination\/roma\/index_en.htm<\/a>\u00a0<em><strong> OBS P\u00e5 engelska!<\/strong><\/em><\/p>\n<p style=\"text-align: justify;\"><a href=\"http:\/\/europa.eu\/rapid\/press-release_IP-14-371_sv.htm\">http:\/\/europa.eu\/rapid\/press-release_IP-14-371_sv.htm<\/a><\/p>\n<p style=\"text-align: justify;\"><a href=\"http:\/\/www.dn.se\/nyheter\/varlden\/har-fastnar-eus-miljarder-till-romerna\/\">http:\/\/www.dn.se\/nyheter\/varlden\/har-fastnar-eus-miljarder-till-romerna\/<\/a><\/p>\n<p style=\"text-align: justify;\">L\u00e4s g\u00e4rna mer om romer och hur Svenska regeringen och staten vill f\u00f6r\u00e4ndra livsvillkoren f\u00f6r de svenska romerna i Sverige<\/p>\n<p style=\"text-align: justify;\"><a href=\"http:\/\/sv.wikipedia.org\/wiki\/Romer\">http:\/\/sv.wikipedia.org\/wiki\/Romer<\/a><\/p>\n<p style=\"text-align: justify;\"><a href=\"http:\/\/www.regeringen.se\/sb\/d\/108\/a\/150025\">http:\/\/www.regeringen.se\/sb\/d\/108\/a\/150025<\/a><\/p>\n<p style=\"text-align: justify;\"><a href=\"http:\/\/www.regeringen.se\/sb\/d\/15546\/a\/187041\">http:\/\/www.regeringen.se\/sb\/d\/15546\/a\/187041<\/a><\/p>\n<p style=\"text-align: justify;\">Var inte r\u00e4dda f\u00f6r att hj\u00e4lpa romerna! Det finns fler godhj\u00e4rtade m\u00e4nniskor som hj\u00e4lper dem.<\/p>\n<p style=\"text-align: justify;\"><a href=\"http:\/\/www.reachoutlove.com\/\">http:\/\/www.reachoutlove.com\/<\/a><\/p>\n<p style=\"text-align: justify;\">Alla m\u00e4nniskor \u00e4r lika mycket v\u00e4rda!<\/p>\n<p style=\"text-align: justify;\">\n<p>&nbsp;<\/p>\n<p>&nbsp;<\/p>\n<p>&nbsp;<\/p>\n","protected":false},"excerpt":{"rendered":"<p>Efter s\u00f6ndagens m\u00f6te i Betel, d\u00e4r Maria ber\u00e4ttade inf\u00f6r f\u00f6rsamlingen om hur hennes situation i Rum\u00e4nien ser ut, fick jag m\u00f6jlighet att intervjua henne och \u00e4ven tr\u00e4ffa de andra sl\u00e4ktingar och grannar som har kommit hit tillsammans med Maria. Maria, &hellip; <a href=\"https:\/\/hallaryd.se\/?p=506\">Continue reading <span class=\"meta-nav\">&rarr;<\/span><\/a><\/p>\n","protected":false},"author":12,"featured_media":0,"comment_status":"open","ping_status":"open","sticky":false,"template":"","format":"standard","meta":{"footnotes":""},"categories":[1],"tags":[],"class_list":["post-506","post","type-post","status-publish","format-standard","hentry","category-okategoriserade"],"_links":{"self":[{"href":"https:\/\/hallaryd.se\/index.php?rest_route=\/wp\/v2\/posts\/506","targetHints":{"allow":["GET"]}}],"collection":[{"href":"https:\/\/hallaryd.se\/index.php?rest_route=\/wp\/v2\/posts"}],"about":[{"href":"https:\/\/hallaryd.se\/index.php?rest_route=\/wp\/v2\/types\/post"}],"author":[{"embeddable":true,"href":"https:\/\/hallaryd.se\/index.php?rest_route=\/wp\/v2\/users\/12"}],"replies":[{"embeddable":true,"href":"https:\/\/hallaryd.se\/index.php?rest_route=%2Fwp%2Fv2%2Fcomments&post=506"}],"version-history":[{"count":7,"href":"https:\/\/hallaryd.se\/index.php?rest_route=\/wp\/v2\/posts\/506\/revisions"}],"predecessor-version":[{"id":513,"href":"https:\/\/hallaryd.se\/index.php?rest_route=\/wp\/v2\/posts\/506\/revisions\/513"}],"wp:attachment":[{"href":"https:\/\/hallaryd.se\/index.php?rest_route=%2Fwp%2Fv2%2Fmedia&parent=506"}],"wp:term":[{"taxonomy":"category","embeddable":true,"href":"https:\/\/hallaryd.se\/index.php?rest_route=%2Fwp%2Fv2%2Fcategories&post=506"},{"taxonomy":"post_tag","embeddable":true,"href":"https:\/\/hallaryd.se\/index.php?rest_route=%2Fwp%2Fv2%2Ftags&post=506"}],"curies":[{"name":"wp","href":"https:\/\/api.w.org\/{rel}","templated":true}]}}