{"id":386,"date":"2014-06-04T18:56:36","date_gmt":"2014-06-04T16:56:36","guid":{"rendered":"http:\/\/hallaryd.se\/?p=386"},"modified":"2014-06-04T18:56:36","modified_gmt":"2014-06-04T16:56:36","slug":"pa-lordag-ar-det-dags-igen-for-hallarydsdagen","status":"publish","type":"post","link":"https:\/\/hallaryd.se\/?p=386","title":{"rendered":"P\u00e5 l\u00f6rdag \u00e4r det dags igen f\u00f6r Hallarydsdagen!"},"content":{"rendered":"<h1 style=\"text-align: center;\"><strong>Hallarydsdagen 7 juni 2014<\/strong><\/h1>\n<p>Passa p\u00e5 att bes\u00f6ka v\u00e5r trevliga byamarknad v\u00e4lk\u00e4nd f\u00f6r duktiga artister, fina hantverk, lokalproducerade produkter, god mat, intressanta utst\u00e4llningar, sp\u00e4nnande lotterier, roliga aktiviteter f\u00f6r barn och vuxna och inte minst gott kaffe med kakor eller nygr\u00e4ddade v\u00e5fflor!<\/p>\n<p>Ta solen med er och kom till Hallaryd!<\/p>\n<p style=\"text-align: left;\"><a href=\"http:\/\/hallaryd.se\/wp-content\/uploads\/2014\/01\/Reportage.jpg\"><img loading=\"lazy\" decoding=\"async\" class=\" wp-image-375 aligncenter\" alt=\"Reportage\" src=\"http:\/\/hallaryd.se\/wp-content\/uploads\/2014\/01\/Reportage.jpg\" width=\"623\" height=\"506\" srcset=\"https:\/\/hallaryd.se\/wp-content\/uploads\/2014\/01\/Reportage.jpg 623w, https:\/\/hallaryd.se\/wp-content\/uploads\/2014\/01\/Reportage-300x243.jpg 300w, https:\/\/hallaryd.se\/wp-content\/uploads\/2014\/01\/Reportage-369x300.jpg 369w\" sizes=\"auto, (max-width: 623px) 100vw, 623px\" \/><\/a>Vi ses!<\/p>\n<p style=\"text-align: left;\">Arrangerande f\u00f6reningar: Hallaryds Sockenr\u00e5d, Hallaryds IF, Hallaryds Hembygdsf\u00f6rening, Betel och Hallarydsg\u00e5rden<\/p>\n<p>&nbsp;<\/p>\n","protected":false},"excerpt":{"rendered":"<p>Hallarydsdagen 7 juni 2014 Passa p\u00e5 att bes\u00f6ka v\u00e5r trevliga byamarknad v\u00e4lk\u00e4nd f\u00f6r duktiga artister, fina hantverk, lokalproducerade produkter, god mat, intressanta utst\u00e4llningar, sp\u00e4nnande lotterier, roliga aktiviteter f\u00f6r barn och vuxna och inte minst gott kaffe med kakor eller nygr\u00e4ddade &hellip; <a href=\"https:\/\/hallaryd.se\/?p=386\">Continue reading <span class=\"meta-nav\">&rarr;<\/span><\/a><\/p>\n","protected":false},"author":12,"featured_media":0,"comment_status":"open","ping_status":"open","sticky":false,"template":"","format":"standard","meta":{"footnotes":""},"categories":[1],"tags":[],"class_list":["post-386","post","type-post","status-publish","format-standard","hentry","category-okategoriserade"],"_links":{"self":[{"href":"https:\/\/hallaryd.se\/index.php?rest_route=\/wp\/v2\/posts\/386","targetHints":{"allow":["GET"]}}],"collection":[{"href":"https:\/\/hallaryd.se\/index.php?rest_route=\/wp\/v2\/posts"}],"about":[{"href":"https:\/\/hallaryd.se\/index.php?rest_route=\/wp\/v2\/types\/post"}],"author":[{"embeddable":true,"href":"https:\/\/hallaryd.se\/index.php?rest_route=\/wp\/v2\/users\/12"}],"replies":[{"embeddable":true,"href":"https:\/\/hallaryd.se\/index.php?rest_route=%2Fwp%2Fv2%2Fcomments&post=386"}],"version-history":[{"count":4,"href":"https:\/\/hallaryd.se\/index.php?rest_route=\/wp\/v2\/posts\/386\/revisions"}],"predecessor-version":[{"id":390,"href":"https:\/\/hallaryd.se\/index.php?rest_route=\/wp\/v2\/posts\/386\/revisions\/390"}],"wp:attachment":[{"href":"https:\/\/hallaryd.se\/index.php?rest_route=%2Fwp%2Fv2%2Fmedia&parent=386"}],"wp:term":[{"taxonomy":"category","embeddable":true,"href":"https:\/\/hallaryd.se\/index.php?rest_route=%2Fwp%2Fv2%2Fcategories&post=386"},{"taxonomy":"post_tag","embeddable":true,"href":"https:\/\/hallaryd.se\/index.php?rest_route=%2Fwp%2Fv2%2Ftags&post=386"}],"curies":[{"name":"wp","href":"https:\/\/api.w.org\/{rel}","templated":true}]}}