{"id":354,"date":"2014-05-02T23:05:55","date_gmt":"2014-05-02T21:05:55","guid":{"rendered":"http:\/\/hallaryd.se\/?p=354"},"modified":"2014-05-02T23:05:55","modified_gmt":"2014-05-02T21:05:55","slug":"vargbesok-i-ulvberga","status":"publish","type":"post","link":"https:\/\/hallaryd.se\/?p=354","title":{"rendered":"Vargbes\u00f6k i Ulvberga!"},"content":{"rendered":"<p style=\"text-align: center;\">GR\u00c5BEN h\u00e4lsar p\u00e5!<\/p>\n<p style=\"text-align: center;\">Ikv\u00e4ll kom vargen p\u00e5 bes\u00f6k i Ulvberga passande nog!<\/p>\n<p style=\"text-align: center;\">Ett sp\u00e4nnande men ocks\u00e5 oroande bes\u00f6k av ett vackert djur som jag hoppas inte vill ha h\u00e4ststek till nattamat!<\/p>\n<p style=\"text-align: center;\"><a href=\"http:\/\/hallaryd.se\/wp-content\/uploads\/2014\/05\/Varg-12014-05-02-21-57.png\"><img loading=\"lazy\" decoding=\"async\" class=\"alignnone size-full wp-image-346\" alt=\"Varg 1(2014-05-02 21-57)\" src=\"http:\/\/hallaryd.se\/wp-content\/uploads\/2014\/05\/Varg-12014-05-02-21-57.png\" width=\"458\" height=\"258\" srcset=\"https:\/\/hallaryd.se\/wp-content\/uploads\/2014\/05\/Varg-12014-05-02-21-57.png 458w, https:\/\/hallaryd.se\/wp-content\/uploads\/2014\/05\/Varg-12014-05-02-21-57-300x168.png 300w\" sizes=\"auto, (max-width: 458px) 100vw, 458px\" \/><\/a><\/p>\n<p style=\"text-align: center;\"><a href=\"http:\/\/hallaryd.se\/wp-content\/uploads\/2014\/05\/Varg-9-2014-05-02-22-44.png\"><img loading=\"lazy\" decoding=\"async\" class=\"alignnone size-full wp-image-353\" alt=\"Varg 9 (2014-05-02 22-44)\" src=\"http:\/\/hallaryd.se\/wp-content\/uploads\/2014\/05\/Varg-9-2014-05-02-22-44.png\" width=\"458\" height=\"258\" srcset=\"https:\/\/hallaryd.se\/wp-content\/uploads\/2014\/05\/Varg-9-2014-05-02-22-44.png 458w, https:\/\/hallaryd.se\/wp-content\/uploads\/2014\/05\/Varg-9-2014-05-02-22-44-300x168.png 300w\" sizes=\"auto, (max-width: 458px) 100vw, 458px\" \/><\/a><\/p>\n<p style=\"text-align: center;\"><a href=\"http:\/\/hallaryd.se\/wp-content\/uploads\/2014\/05\/Varg-11-2014-05-02-22-46.png\"><img loading=\"lazy\" decoding=\"async\" class=\"alignnone size-full wp-image-352\" alt=\"Varg 11 (2014-05-02 22-46)\" src=\"http:\/\/hallaryd.se\/wp-content\/uploads\/2014\/05\/Varg-11-2014-05-02-22-46.png\" width=\"458\" height=\"258\" srcset=\"https:\/\/hallaryd.se\/wp-content\/uploads\/2014\/05\/Varg-11-2014-05-02-22-46.png 458w, https:\/\/hallaryd.se\/wp-content\/uploads\/2014\/05\/Varg-11-2014-05-02-22-46-300x168.png 300w\" sizes=\"auto, (max-width: 458px) 100vw, 458px\" \/><\/a><\/p>\n<p style=\"text-align: center;\"><a href=\"http:\/\/hallaryd.se\/wp-content\/uploads\/2014\/05\/Varg-4-2014-05-02-22-32.png\"><img loading=\"lazy\" decoding=\"async\" class=\"alignnone size-full wp-image-351\" alt=\"Varg 4 (2014-05-02 22-32)\" src=\"http:\/\/hallaryd.se\/wp-content\/uploads\/2014\/05\/Varg-4-2014-05-02-22-32.png\" width=\"458\" height=\"258\" srcset=\"https:\/\/hallaryd.se\/wp-content\/uploads\/2014\/05\/Varg-4-2014-05-02-22-32.png 458w, https:\/\/hallaryd.se\/wp-content\/uploads\/2014\/05\/Varg-4-2014-05-02-22-32-300x168.png 300w\" sizes=\"auto, (max-width: 458px) 100vw, 458px\" \/><\/a><\/p>\n<p style=\"text-align: center;\"><a href=\"http:\/\/hallaryd.se\/wp-content\/uploads\/2014\/05\/Varg-6-2014-05-02-22-36.png\"><img loading=\"lazy\" decoding=\"async\" class=\"alignnone size-full wp-image-350\" alt=\"Varg 6 (2014-05-02 22-36)\" src=\"http:\/\/hallaryd.se\/wp-content\/uploads\/2014\/05\/Varg-6-2014-05-02-22-36.png\" width=\"458\" height=\"258\" srcset=\"https:\/\/hallaryd.se\/wp-content\/uploads\/2014\/05\/Varg-6-2014-05-02-22-36.png 458w, https:\/\/hallaryd.se\/wp-content\/uploads\/2014\/05\/Varg-6-2014-05-02-22-36-300x168.png 300w\" sizes=\"auto, (max-width: 458px) 100vw, 458px\" \/><\/a><\/p>\n<p style=\"text-align: left;\">Jag beklagar den d\u00e5liga bildkvaliteten.<\/p>\n<p style=\"text-align: left;\">Text och foto: \u00c5sa Dahlstr\u00f6m<\/p>\n","protected":false},"excerpt":{"rendered":"<p>GR\u00c5BEN h\u00e4lsar p\u00e5! Ikv\u00e4ll kom vargen p\u00e5 bes\u00f6k i Ulvberga passande nog! Ett sp\u00e4nnande men ocks\u00e5 oroande bes\u00f6k av ett vackert djur som jag hoppas inte vill ha h\u00e4ststek till nattamat! Jag beklagar den d\u00e5liga bildkvaliteten. Text och foto: \u00c5sa &hellip; <a href=\"https:\/\/hallaryd.se\/?p=354\">Continue reading <span class=\"meta-nav\">&rarr;<\/span><\/a><\/p>\n","protected":false},"author":12,"featured_media":0,"comment_status":"open","ping_status":"open","sticky":false,"template":"","format":"standard","meta":{"footnotes":""},"categories":[1],"tags":[],"class_list":["post-354","post","type-post","status-publish","format-standard","hentry","category-okategoriserade"],"_links":{"self":[{"href":"https:\/\/hallaryd.se\/index.php?rest_route=\/wp\/v2\/posts\/354","targetHints":{"allow":["GET"]}}],"collection":[{"href":"https:\/\/hallaryd.se\/index.php?rest_route=\/wp\/v2\/posts"}],"about":[{"href":"https:\/\/hallaryd.se\/index.php?rest_route=\/wp\/v2\/types\/post"}],"author":[{"embeddable":true,"href":"https:\/\/hallaryd.se\/index.php?rest_route=\/wp\/v2\/users\/12"}],"replies":[{"embeddable":true,"href":"https:\/\/hallaryd.se\/index.php?rest_route=%2Fwp%2Fv2%2Fcomments&post=354"}],"version-history":[{"count":2,"href":"https:\/\/hallaryd.se\/index.php?rest_route=\/wp\/v2\/posts\/354\/revisions"}],"predecessor-version":[{"id":356,"href":"https:\/\/hallaryd.se\/index.php?rest_route=\/wp\/v2\/posts\/354\/revisions\/356"}],"wp:attachment":[{"href":"https:\/\/hallaryd.se\/index.php?rest_route=%2Fwp%2Fv2%2Fmedia&parent=354"}],"wp:term":[{"taxonomy":"category","embeddable":true,"href":"https:\/\/hallaryd.se\/index.php?rest_route=%2Fwp%2Fv2%2Fcategories&post=354"},{"taxonomy":"post_tag","embeddable":true,"href":"https:\/\/hallaryd.se\/index.php?rest_route=%2Fwp%2Fv2%2Ftags&post=354"}],"curies":[{"name":"wp","href":"https:\/\/api.w.org\/{rel}","templated":true}]}}