{"id":335,"date":"2014-05-02T12:55:53","date_gmt":"2014-05-02T10:55:53","guid":{"rendered":"http:\/\/hallaryd.se\/?p=335"},"modified":"2014-05-02T12:55:53","modified_gmt":"2014-05-02T10:55:53","slug":"vacker-valborgskvall-i-hallaryd","status":"publish","type":"post","link":"https:\/\/hallaryd.se\/?p=335","title":{"rendered":"Vacker Valborgskv\u00e4ll i Hallaryd"},"content":{"rendered":"<p>Valborgsm\u00e4ssofirandet blev en succ\u00e9 och det vackra v\u00e4dret lockade folket i Hallaryd att g\u00e5 man ur huse.<\/p>\n<p>Brasan t\u00e4ndes av fackelb\u00e4rarna och Hallaryds kyrkok\u00f6r ledd av Vidar Lundb\u00e4ck stod f\u00f6r sk\u00f6ns\u00e5ngen.<\/p>\n<p>V\u00e5rtalet h\u00f6lls av B\u00f6rje Sernefell som h\u00e4lsade v\u00e5ren v\u00e4lkommen och pratade om Hallarydsandan och att alla beh\u00f6vs f\u00f6r att skapa en gemenskap i v\u00e5rt samh\u00e4lle idag och hur viktiga v\u00e5ra f\u00f6reningar \u00e4r i detta sammanhang.<\/p>\n<p>N\u00e4r brasan brunnit ner gick man vidare till Sockenstugan d\u00e4r det bj\u00f6ds p\u00e5 kaffe och v\u00e5fflor i ett trevligt samkv\u00e4m.<\/p>\n<p>P\u00e5 grund av brandrisken st\u00e4lldes fyrverkeriet in i \u00e5r, men sades bli dubbelt s\u00e5 stort n\u00e4sta \u00e5r.<\/p>\n<div id=\"attachment_336\" style=\"width: 468px\" class=\"wp-caption alignnone\"><a href=\"http:\/\/hallaryd.se\/wp-content\/uploads\/2014\/05\/Majbrasan-Hallaryd-2014.png\"><img loading=\"lazy\" decoding=\"async\" aria-describedby=\"caption-attachment-336\" class=\"size-full wp-image-336\" alt=\"Valborgsm\u00e4ssoafton 2014\" src=\"http:\/\/hallaryd.se\/wp-content\/uploads\/2014\/05\/Majbrasan-Hallaryd-2014.png\" width=\"458\" height=\"258\" srcset=\"https:\/\/hallaryd.se\/wp-content\/uploads\/2014\/05\/Majbrasan-Hallaryd-2014.png 458w, https:\/\/hallaryd.se\/wp-content\/uploads\/2014\/05\/Majbrasan-Hallaryd-2014-300x168.png 300w\" sizes=\"auto, (max-width: 458px) 100vw, 458px\" \/><\/a><p id=\"caption-attachment-336\" class=\"wp-caption-text\">Valborgsm\u00e4ssoafton 2014<\/p><\/div>\n<div id=\"attachment_338\" style=\"width: 468px\" class=\"wp-caption alignnone\"><a href=\"http:\/\/hallaryd.se\/wp-content\/uploads\/2014\/05\/Kyrkokoeren-Valborgsfirande-2014.png\"><img loading=\"lazy\" decoding=\"async\" aria-describedby=\"caption-attachment-338\" class=\"size-full wp-image-338\" alt=\"Kyrkok\u00f6ren Valborg 2014\" src=\"http:\/\/hallaryd.se\/wp-content\/uploads\/2014\/05\/Kyrkokoeren-Valborgsfirande-2014.png\" width=\"458\" height=\"258\" srcset=\"https:\/\/hallaryd.se\/wp-content\/uploads\/2014\/05\/Kyrkokoeren-Valborgsfirande-2014.png 458w, https:\/\/hallaryd.se\/wp-content\/uploads\/2014\/05\/Kyrkokoeren-Valborgsfirande-2014-300x168.png 300w\" sizes=\"auto, (max-width: 458px) 100vw, 458px\" \/><\/a><p id=\"caption-attachment-338\" class=\"wp-caption-text\">Kyrkok\u00f6ren sjunger vid Valborgsfirandet 2014<\/p><\/div>\n<p>Foto och text:\u00a0 \u00c5sa Dahlstr\u00f6m<\/p>\n","protected":false},"excerpt":{"rendered":"<p>Valborgsm\u00e4ssofirandet blev en succ\u00e9 och det vackra v\u00e4dret lockade folket i Hallaryd att g\u00e5 man ur huse. Brasan t\u00e4ndes av fackelb\u00e4rarna och Hallaryds kyrkok\u00f6r ledd av Vidar Lundb\u00e4ck stod f\u00f6r sk\u00f6ns\u00e5ngen. V\u00e5rtalet h\u00f6lls av B\u00f6rje Sernefell som h\u00e4lsade v\u00e5ren v\u00e4lkommen &hellip; <a href=\"https:\/\/hallaryd.se\/?p=335\">Continue reading <span class=\"meta-nav\">&rarr;<\/span><\/a><\/p>\n","protected":false},"author":12,"featured_media":0,"comment_status":"open","ping_status":"open","sticky":false,"template":"","format":"standard","meta":{"footnotes":""},"categories":[1],"tags":[],"class_list":["post-335","post","type-post","status-publish","format-standard","hentry","category-okategoriserade"],"_links":{"self":[{"href":"https:\/\/hallaryd.se\/index.php?rest_route=\/wp\/v2\/posts\/335","targetHints":{"allow":["GET"]}}],"collection":[{"href":"https:\/\/hallaryd.se\/index.php?rest_route=\/wp\/v2\/posts"}],"about":[{"href":"https:\/\/hallaryd.se\/index.php?rest_route=\/wp\/v2\/types\/post"}],"author":[{"embeddable":true,"href":"https:\/\/hallaryd.se\/index.php?rest_route=\/wp\/v2\/users\/12"}],"replies":[{"embeddable":true,"href":"https:\/\/hallaryd.se\/index.php?rest_route=%2Fwp%2Fv2%2Fcomments&post=335"}],"version-history":[{"count":6,"href":"https:\/\/hallaryd.se\/index.php?rest_route=\/wp\/v2\/posts\/335\/revisions"}],"predecessor-version":[{"id":344,"href":"https:\/\/hallaryd.se\/index.php?rest_route=\/wp\/v2\/posts\/335\/revisions\/344"}],"wp:attachment":[{"href":"https:\/\/hallaryd.se\/index.php?rest_route=%2Fwp%2Fv2%2Fmedia&parent=335"}],"wp:term":[{"taxonomy":"category","embeddable":true,"href":"https:\/\/hallaryd.se\/index.php?rest_route=%2Fwp%2Fv2%2Fcategories&post=335"},{"taxonomy":"post_tag","embeddable":true,"href":"https:\/\/hallaryd.se\/index.php?rest_route=%2Fwp%2Fv2%2Ftags&post=335"}],"curies":[{"name":"wp","href":"https:\/\/api.w.org\/{rel}","templated":true}]}}