{"id":317,"date":"2014-04-24T14:56:41","date_gmt":"2014-04-24T12:56:41","guid":{"rendered":"http:\/\/hallaryd.se\/?p=317"},"modified":"2014-04-24T14:58:43","modified_gmt":"2014-04-24T12:58:43","slug":"mote-i-hembygdsparken-14-maj-kl-16-00-19-00-med-almhults-kommun-med-anledning-av-oversiktsplanen","status":"publish","type":"post","link":"https:\/\/hallaryd.se\/?p=317","title":{"rendered":"M\u00f6te i Hembygdsparken 14 maj kl. 16.00 &#8211; 19.00 med \u00c4lmhults kommun med anledning av \u00f6versiktsplanen"},"content":{"rendered":"<p>Den 14 maj kommer kommunen att finnas i Hembygdsparken och samla in synpunkter p\u00e5 vad vi vill ska ske i Hallaryd i framtiden.<\/p>\n<p>Kom g\u00e4rna med f\u00f6rslag p\u00e5 hur vi ska utveckla Hallaryd och landsbygden och bromsa den avveckling som r\u00e5der i stora delar av landsbygden i Sverige!<\/p>\n<p>L\u00e4s mer h\u00e4r: <a title=\"Oversiktsplan\" href=\"http:\/\/www.almhult.se\/sidorutanformenyn\/projektpagang\/oversiktsplan\/hallaryd.4.734806d8142dbd9041c5ca2.html\" target=\"_blank\">http:\/\/www.almhult.se\/sidorutanformenyn\/projektpagang\/oversiktsplan\/hallaryd.4.734806d8142dbd9041c5ca2.html<\/a><\/p>\n","protected":false},"excerpt":{"rendered":"<p>Den 14 maj kommer kommunen att finnas i Hembygdsparken och samla in synpunkter p\u00e5 vad vi vill ska ske i Hallaryd i framtiden. Kom g\u00e4rna med f\u00f6rslag p\u00e5 hur vi ska utveckla Hallaryd och landsbygden och bromsa den avveckling som &hellip; <a href=\"https:\/\/hallaryd.se\/?p=317\">Continue reading <span class=\"meta-nav\">&rarr;<\/span><\/a><\/p>\n","protected":false},"author":12,"featured_media":0,"comment_status":"open","ping_status":"open","sticky":false,"template":"","format":"standard","meta":{"footnotes":""},"categories":[1],"tags":[],"class_list":["post-317","post","type-post","status-publish","format-standard","hentry","category-okategoriserade"],"_links":{"self":[{"href":"https:\/\/hallaryd.se\/index.php?rest_route=\/wp\/v2\/posts\/317","targetHints":{"allow":["GET"]}}],"collection":[{"href":"https:\/\/hallaryd.se\/index.php?rest_route=\/wp\/v2\/posts"}],"about":[{"href":"https:\/\/hallaryd.se\/index.php?rest_route=\/wp\/v2\/types\/post"}],"author":[{"embeddable":true,"href":"https:\/\/hallaryd.se\/index.php?rest_route=\/wp\/v2\/users\/12"}],"replies":[{"embeddable":true,"href":"https:\/\/hallaryd.se\/index.php?rest_route=%2Fwp%2Fv2%2Fcomments&post=317"}],"version-history":[{"count":4,"href":"https:\/\/hallaryd.se\/index.php?rest_route=\/wp\/v2\/posts\/317\/revisions"}],"predecessor-version":[{"id":320,"href":"https:\/\/hallaryd.se\/index.php?rest_route=\/wp\/v2\/posts\/317\/revisions\/320"}],"wp:attachment":[{"href":"https:\/\/hallaryd.se\/index.php?rest_route=%2Fwp%2Fv2%2Fmedia&parent=317"}],"wp:term":[{"taxonomy":"category","embeddable":true,"href":"https:\/\/hallaryd.se\/index.php?rest_route=%2Fwp%2Fv2%2Fcategories&post=317"},{"taxonomy":"post_tag","embeddable":true,"href":"https:\/\/hallaryd.se\/index.php?rest_route=%2Fwp%2Fv2%2Ftags&post=317"}],"curies":[{"name":"wp","href":"https:\/\/api.w.org\/{rel}","templated":true}]}}