{"id":1941,"date":"2022-12-30T17:28:03","date_gmt":"2022-12-30T16:28:03","guid":{"rendered":"http:\/\/hallaryd.se\/?p=1941"},"modified":"2022-12-30T17:28:27","modified_gmt":"2022-12-30T16:28:27","slug":"sockenradet-tackar-for-2022","status":"publish","type":"post","link":"https:\/\/hallaryd.se\/?p=1941","title":{"rendered":"Sockenr\u00e5det tackar f\u00f6r 2022"},"content":{"rendered":"\n<p>S\u00e5h\u00e4r sista dagarna i december kan det vara p\u00e5 sin plats att summera upp \u00e5rets aktiviteter med Sockenr\u00e5det. Under \u00e5tet har vi hunnit med mycket. Samtidigt vill jag \u00f6nska er alla ett gott nytt 2023!<\/p>\n\n\n\n<p>MVH Styrelsen genom Lukas Ruderstam och Lena Roslund.<\/p>\n\n\n\n<p> \u00c5rsm\u00f6te  19 april<\/p>\n\n\n\n<p>Den 19 april h\u00f6ll vi \u00e5rsm\u00f6te i Hallarydsg\u00e5rden.<\/p>\n\n\n\n<p>Generartion Hallaryd<br>Generation Hallaryd har kommit ig\u00e5ng p\u00e5 riktigt under \u00e5ret. Vi har haft ett stort antal planeringsm\u00f6ten, best\u00e4llt offerter fr\u00e5n entrepren\u00f6rer, haft storm\u00f6te i Betel 8 april och har nu p\u00e5 slutet av \u00e5ret b\u00f6rjat med att s\u00f6ka ekonomiskt st\u00f6d. F\u00f6lj oss g\u00e4rna p\u00e5 v\u00e5r instagram: <a href=\"https:\/\/www.instagram.com\/generation_hallaryd\/\">generation_hallaryd<\/a><\/p>\n\n\n\n<p><br>Hallarydsdagen 4:e juni<br>En v\u00e4lbes\u00f6kt dag i str\u00e5lande solsken! Med n\u00e4rmare 1500 bes\u00f6kare blev Hallarydsdagen i s\u00e4rklass den mest v\u00e4lbes\u00f6kta dagen i Hallaryd. Hallarydsdagen \u00e4r ett samarbete mellan v\u00e5ra olika f\u00f6reningar i Hallaryd, Sockenr\u00e5det, Hallaryds IF, Betelkyrkan och Hembygdsf\u00f6reningen. <br><a href=\"https:\/\/www.facebook.com\/groups\/11247403435\/permalink\/10160196412338436\/\">Se bilder h\u00e4r:<\/a><\/p>\n\n\n\n<p><br>H\u00f6stm\u00f6te 8:e oktober<br>D\u00e5 vi bes\u00f6kte Olle EAT Eriksson p\u00e5 H\u00e4radsv\u00e4gen i\u00a0Hallaryd och fick en sp\u00e4nnande rundtur i hans verksamhet och fick se hans fantastiska fordonssamling. Efter rundturen serverades Hamburgare i Hallarydsg\u00e5rden.<br><a href=\"https:\/\/www.facebook.com\/groups\/11247403435\/permalink\/10160418820918436\/\">Se bilder h\u00e4r:<\/a><\/p>\n\n\n\n<p><br>Julstuga 26:november<br>P\u00e5 \u00e5rets julstuga i Hallarydsg\u00e5rden pysslade Hallarydsborna tomtar och doftade lussekatter och pepparkakor. M\u00e5nga glada barn och vuxna och tomten kom p\u00e5 bes\u00f6k.<br><a href=\"https:\/\/www.facebook.com\/groups\/11247403435\/permalink\/10160611363158436\/\">Se bilder h\u00e4r:<\/a><\/p>\n\n\n\n<p><\/p>\n","protected":false},"excerpt":{"rendered":"<p>S\u00e5h\u00e4r sista dagarna i december kan det vara p\u00e5 sin plats att summera upp \u00e5rets aktiviteter med Sockenr\u00e5det. Under \u00e5tet har vi hunnit med mycket. Samtidigt vill jag \u00f6nska er alla ett gott nytt 2023! MVH Styrelsen genom Lukas Ruderstam &hellip; <a href=\"https:\/\/hallaryd.se\/?p=1941\">Continue reading <span class=\"meta-nav\">&rarr;<\/span><\/a><\/p>\n","protected":false},"author":12,"featured_media":0,"comment_status":"open","ping_status":"open","sticky":false,"template":"","format":"standard","meta":{"footnotes":""},"categories":[1],"tags":[],"class_list":["post-1941","post","type-post","status-publish","format-standard","hentry","category-okategoriserade"],"_links":{"self":[{"href":"https:\/\/hallaryd.se\/index.php?rest_route=\/wp\/v2\/posts\/1941","targetHints":{"allow":["GET"]}}],"collection":[{"href":"https:\/\/hallaryd.se\/index.php?rest_route=\/wp\/v2\/posts"}],"about":[{"href":"https:\/\/hallaryd.se\/index.php?rest_route=\/wp\/v2\/types\/post"}],"author":[{"embeddable":true,"href":"https:\/\/hallaryd.se\/index.php?rest_route=\/wp\/v2\/users\/12"}],"replies":[{"embeddable":true,"href":"https:\/\/hallaryd.se\/index.php?rest_route=%2Fwp%2Fv2%2Fcomments&post=1941"}],"version-history":[{"count":1,"href":"https:\/\/hallaryd.se\/index.php?rest_route=\/wp\/v2\/posts\/1941\/revisions"}],"predecessor-version":[{"id":1942,"href":"https:\/\/hallaryd.se\/index.php?rest_route=\/wp\/v2\/posts\/1941\/revisions\/1942"}],"wp:attachment":[{"href":"https:\/\/hallaryd.se\/index.php?rest_route=%2Fwp%2Fv2%2Fmedia&parent=1941"}],"wp:term":[{"taxonomy":"category","embeddable":true,"href":"https:\/\/hallaryd.se\/index.php?rest_route=%2Fwp%2Fv2%2Fcategories&post=1941"},{"taxonomy":"post_tag","embeddable":true,"href":"https:\/\/hallaryd.se\/index.php?rest_route=%2Fwp%2Fv2%2Ftags&post=1941"}],"curies":[{"name":"wp","href":"https:\/\/api.w.org\/{rel}","templated":true}]}}