{"id":1391,"date":"2019-12-06T17:20:25","date_gmt":"2019-12-06T16:20:25","guid":{"rendered":"http:\/\/hallaryd.se\/?p=1391"},"modified":"2019-12-06T17:21:06","modified_gmt":"2019-12-06T16:21:06","slug":"julstuga-i-hallarydsgarden","status":"publish","type":"post","link":"https:\/\/hallaryd.se\/?p=1391","title":{"rendered":"Julstuga i Hallarydsg\u00e5rden"},"content":{"rendered":"<p>M\u00e5nga var vi som begav oss till Hallarydsg\u00e5rden p\u00e5 f\u00f6rsta advent. Sockenr\u00e5det anordnade Julstuga med pyssel och fika f\u00f6r alla \u00e5ldrar.\u00a0<span style=\"font-weight: 300;\">Pyssel och mys, lussekatter och pepparkakor.\u00a0<\/span><span style=\"font-weight: 300; font-family: 'Segoe UI Emoji', sans-serif;\">\u2764\ufe0fT<\/span><span style=\"font-weight: 300;\">omten kom p\u00e5 bes\u00f6k med godisp\u00e5se till de sm\u00e5. Tomten t\u00e4nde \u00e4ven granen!<\/span><\/p>\n<p class=\"MsoNormal\">H\u00e4rlig eftermiddag, fin tradition, sn\u00f6, lagom kallt och lite knarr under skorna. Perfekt med andra ord.<\/p>\n<p><span style=\"font-weight: 300;\">Trevlig advent och God Jul \u00f6nskar vi alla stora som sm\u00e5.<\/span><\/p>\n<p><a style=\"font-style: normal; font-weight: 300; text-decoration-line: underline;\" href=\"http:\/\/hallaryd.se\/wp-content\/uploads\/2019\/12\/IMG_2675-e1575648527842.jpeg\"><img loading=\"lazy\" decoding=\"async\" class=\"alignnone size-medium wp-image-1401\" style=\"border-color: #bbbbbb; background: #eeeeee;\" alt=\"IMG_2675\" src=\"http:\/\/hallaryd.se\/wp-content\/uploads\/2019\/12\/IMG_2675-e1575648527842-225x300.jpeg\" width=\"225\" height=\"300\" srcset=\"https:\/\/hallaryd.se\/wp-content\/uploads\/2019\/12\/IMG_2675-e1575648527842-225x300.jpeg 225w, https:\/\/hallaryd.se\/wp-content\/uploads\/2019\/12\/IMG_2675-e1575648527842-768x1024.jpeg 768w\" sizes=\"auto, (max-width: 225px) 100vw, 225px\" \/><\/a>\u00a0<a style=\"font-weight: 300;\" href=\"http:\/\/hallaryd.se\/wp-content\/uploads\/2019\/12\/IMG_2665-e1575648824487.jpeg\"><img loading=\"lazy\" decoding=\"async\" class=\"alignnone size-medium wp-image-1405\" alt=\"IMG_2665\" src=\"http:\/\/hallaryd.se\/wp-content\/uploads\/2019\/12\/IMG_2665-e1575648824487-225x300.jpeg\" width=\"225\" height=\"300\" srcset=\"https:\/\/hallaryd.se\/wp-content\/uploads\/2019\/12\/IMG_2665-e1575648824487-225x300.jpeg 225w, https:\/\/hallaryd.se\/wp-content\/uploads\/2019\/12\/IMG_2665-e1575648824487-768x1024.jpeg 768w\" sizes=\"auto, (max-width: 225px) 100vw, 225px\" \/><\/a><a style=\"font-weight: 300;\" href=\"http:\/\/hallaryd.se\/wp-content\/uploads\/2019\/12\/IMG_2640-e1575648790115.jpeg\"><img loading=\"lazy\" decoding=\"async\" class=\"alignnone size-medium wp-image-1404\" alt=\"IMG_2640\" src=\"http:\/\/hallaryd.se\/wp-content\/uploads\/2019\/12\/IMG_2640-e1575648790115-225x300.jpeg\" width=\"225\" height=\"300\" srcset=\"https:\/\/hallaryd.se\/wp-content\/uploads\/2019\/12\/IMG_2640-e1575648790115-225x300.jpeg 225w, https:\/\/hallaryd.se\/wp-content\/uploads\/2019\/12\/IMG_2640-e1575648790115-768x1024.jpeg 768w\" sizes=\"auto, (max-width: 225px) 100vw, 225px\" \/><\/a><span style=\"font-weight: 300;\">\u00a0<\/span><img loading=\"lazy\" decoding=\"async\" class=\"alignnone size-medium wp-image-1402\" style=\"color: #333333; font-style: normal; font-weight: 300;\" alt=\"IMG_2699\" src=\"http:\/\/hallaryd.se\/wp-content\/uploads\/2019\/12\/IMG_2699-e1575648556914-225x300.jpeg\" width=\"225\" height=\"300\" srcset=\"https:\/\/hallaryd.se\/wp-content\/uploads\/2019\/12\/IMG_2699-e1575648556914-225x300.jpeg 225w, https:\/\/hallaryd.se\/wp-content\/uploads\/2019\/12\/IMG_2699-e1575648556914-768x1024.jpeg 768w\" sizes=\"auto, (max-width: 225px) 100vw, 225px\" \/><a style=\"font-weight: 300;\" href=\"http:\/\/hallaryd.se\/wp-content\/uploads\/2019\/12\/IMG_2630-e1575648723222.jpeg\"><img loading=\"lazy\" decoding=\"async\" class=\"alignnone size-medium wp-image-1403\" alt=\"IMG_2630\" src=\"http:\/\/hallaryd.se\/wp-content\/uploads\/2019\/12\/IMG_2630-e1575648723222-225x300.jpeg\" width=\"225\" height=\"300\" srcset=\"https:\/\/hallaryd.se\/wp-content\/uploads\/2019\/12\/IMG_2630-e1575648723222-225x300.jpeg 225w, https:\/\/hallaryd.se\/wp-content\/uploads\/2019\/12\/IMG_2630-e1575648723222-768x1024.jpeg 768w\" sizes=\"auto, (max-width: 225px) 100vw, 225px\" \/><\/a>\u00a0<a style=\"font-weight: 300;\" href=\"http:\/\/hallaryd.se\/wp-content\/uploads\/2019\/12\/IMG_2635.jpeg\"><img loading=\"lazy\" decoding=\"async\" class=\"alignnone size-medium wp-image-1395\" alt=\"IMG_2635\" src=\"http:\/\/hallaryd.se\/wp-content\/uploads\/2019\/12\/IMG_2635-225x300.jpeg\" width=\"225\" height=\"300\" srcset=\"https:\/\/hallaryd.se\/wp-content\/uploads\/2019\/12\/IMG_2635-225x300.jpeg 225w, https:\/\/hallaryd.se\/wp-content\/uploads\/2019\/12\/IMG_2635-768x1024.jpeg 768w, https:\/\/hallaryd.se\/wp-content\/uploads\/2019\/12\/IMG_2635.jpeg 1764w\" sizes=\"auto, (max-width: 225px) 100vw, 225px\" \/><\/a><img loading=\"lazy\" decoding=\"async\" class=\"alignnone size-medium wp-image-1393\" style=\"color: #333333; font-style: normal; font-weight: 300;\" alt=\"DSC_7947\" src=\"http:\/\/hallaryd.se\/wp-content\/uploads\/2019\/12\/DSC_7947-300x168.jpg\" width=\"300\" height=\"168\" srcset=\"https:\/\/hallaryd.se\/wp-content\/uploads\/2019\/12\/DSC_7947-300x168.jpg 300w, https:\/\/hallaryd.se\/wp-content\/uploads\/2019\/12\/DSC_7947-1024x576.jpg 1024w, https:\/\/hallaryd.se\/wp-content\/uploads\/2019\/12\/DSC_7947-500x281.jpg 500w\" sizes=\"auto, (max-width: 300px) 100vw, 300px\" \/><img loading=\"lazy\" decoding=\"async\" class=\"alignnone size-medium wp-image-1392\" style=\"color: #333333; font-style: normal; font-weight: 300;\" alt=\"DSC_7945\" src=\"http:\/\/hallaryd.se\/wp-content\/uploads\/2019\/12\/DSC_7945-300x168.jpg\" width=\"300\" height=\"168\" srcset=\"https:\/\/hallaryd.se\/wp-content\/uploads\/2019\/12\/DSC_7945-300x168.jpg 300w, https:\/\/hallaryd.se\/wp-content\/uploads\/2019\/12\/DSC_7945-1024x576.jpg 1024w, https:\/\/hallaryd.se\/wp-content\/uploads\/2019\/12\/DSC_7945-500x281.jpg 500w\" sizes=\"auto, (max-width: 300px) 100vw, 300px\" \/><\/p>\n<p>&nbsp;<\/p>\n","protected":false},"excerpt":{"rendered":"<p>M\u00e5nga var vi som begav oss till Hallarydsg\u00e5rden p\u00e5 f\u00f6rsta advent. Sockenr\u00e5det anordnade Julstuga med pyssel och fika f\u00f6r alla \u00e5ldrar.\u00a0Pyssel och mys, lussekatter och pepparkakor.\u00a0\u2764\ufe0fTomten kom p\u00e5 bes\u00f6k med godisp\u00e5se till de sm\u00e5. Tomten t\u00e4nde \u00e4ven granen! H\u00e4rlig eftermiddag, &hellip; <a href=\"https:\/\/hallaryd.se\/?p=1391\">Continue reading <span class=\"meta-nav\">&rarr;<\/span><\/a><\/p>\n","protected":false},"author":12,"featured_media":0,"comment_status":"open","ping_status":"open","sticky":false,"template":"","format":"standard","meta":{"footnotes":""},"categories":[1],"tags":[],"class_list":["post-1391","post","type-post","status-publish","format-standard","hentry","category-okategoriserade"],"_links":{"self":[{"href":"https:\/\/hallaryd.se\/index.php?rest_route=\/wp\/v2\/posts\/1391","targetHints":{"allow":["GET"]}}],"collection":[{"href":"https:\/\/hallaryd.se\/index.php?rest_route=\/wp\/v2\/posts"}],"about":[{"href":"https:\/\/hallaryd.se\/index.php?rest_route=\/wp\/v2\/types\/post"}],"author":[{"embeddable":true,"href":"https:\/\/hallaryd.se\/index.php?rest_route=\/wp\/v2\/users\/12"}],"replies":[{"embeddable":true,"href":"https:\/\/hallaryd.se\/index.php?rest_route=%2Fwp%2Fv2%2Fcomments&post=1391"}],"version-history":[{"count":3,"href":"https:\/\/hallaryd.se\/index.php?rest_route=\/wp\/v2\/posts\/1391\/revisions"}],"predecessor-version":[{"id":1407,"href":"https:\/\/hallaryd.se\/index.php?rest_route=\/wp\/v2\/posts\/1391\/revisions\/1407"}],"wp:attachment":[{"href":"https:\/\/hallaryd.se\/index.php?rest_route=%2Fwp%2Fv2%2Fmedia&parent=1391"}],"wp:term":[{"taxonomy":"category","embeddable":true,"href":"https:\/\/hallaryd.se\/index.php?rest_route=%2Fwp%2Fv2%2Fcategories&post=1391"},{"taxonomy":"post_tag","embeddable":true,"href":"https:\/\/hallaryd.se\/index.php?rest_route=%2Fwp%2Fv2%2Ftags&post=1391"}],"curies":[{"name":"wp","href":"https:\/\/api.w.org\/{rel}","templated":true}]}}