{"id":107,"date":"2013-11-23T19:42:18","date_gmt":"2013-11-23T18:42:18","guid":{"rendered":"http:\/\/hallaryd.se\/?p=107"},"modified":"2013-11-23T19:42:18","modified_gmt":"2013-11-23T18:42:18","slug":"hallaryd-se","status":"publish","type":"post","link":"https:\/\/hallaryd.se\/?p=107","title":{"rendered":"Hallaryd.se"},"content":{"rendered":"<p>Nu b\u00f6rjar <a title=\"hallaryd.se\" href=\"http:\/\/hallaryd.se\">hallaryd.se<\/a> sakta f\u00e5 sin nya struktur och form. Tanken \u00e4r att den nya sidan ska vara mer levande och aktiv. H\u00e4r kommer du att kunna hitta information fr\u00e5n alla Hallaryds f\u00f6reningar, f\u00f6rsamlingar och andra organisationer. I kalendern kommer alla viktiga h\u00e4ndelser att l\u00e4ggas ut s\u00e5 att ingen missar n\u00e5got roligt eller viktigt.<\/p>\n<p><img loading=\"lazy\" decoding=\"async\" class=\" wp-image-108 alignright\" style=\"border-color: #bbbbbb; margin-top: 0.4em; background-color: #eeeeee;\" alt=\"hallaryd.se\" src=\"http:\/\/hallaryd.se\/wp-content\/uploads\/2013\/11\/hallaryd.se_.png\" width=\"253\" height=\"234\" srcset=\"https:\/\/hallaryd.se\/wp-content\/uploads\/2013\/11\/hallaryd.se_.png 603w, https:\/\/hallaryd.se\/wp-content\/uploads\/2013\/11\/hallaryd.se_-300x277.png 300w, https:\/\/hallaryd.se\/wp-content\/uploads\/2013\/11\/hallaryd.se_-324x300.png 324w\" sizes=\"auto, (max-width: 253px) 100vw, 253px\" \/><\/p>\n<p>Sidan \u00e4r skapad med WordPress, det betyder att det blir enkelt f\u00f6r alla som ska vara delaktiga i att uppdatera kalendern, sidorna och bloggen kan g\u00f6ra det med bara enkla f\u00f6rkunskaper. Det \u00e4r ocks\u00e5 l\u00e4ttare f\u00f6r fler att bidra s\u00e5 att inte allt h\u00e4nger p\u00e5 en enda webbadministrat\u00f6r.<\/p>\n<p>Under b\u00f6rjan av 2014 kommer representanter fr\u00e5n Hallaryds f\u00f6reningar, f\u00e5 inloggningar s\u00e5 att de kan sk\u00f6ta om sina sidor, g\u00f6ra inl\u00e4gg i bloggen och f\u00f6ra in evenemang i kalendern. Representanterna \u00e4r kommer f\u00e5 en genomg\u00e5ng om hur systemet fungerar s\u00e5 att dom kan sk\u00f6ta det helt sj\u00e4lva fram\u00f6ver.<\/p>\n<blockquote><p>Jag hoppas att hemsidan kommer kunna spegla det aktiva Hallaryd som jag har b\u00f6rjat l\u00e4ra k\u00e4nna.<\/p><\/blockquote>\n<p>\/<a href=\"http:\/\/oddesign.se\">Niklas Freidwall<\/a><br \/>\ncirkelledare fr\u00e5n <a href=\"http:\/\/www.sv.se\/sv\/\">Studief\u00f6rbundet Vuxenskolan<\/a><\/p>\n<p>&nbsp;<\/p>\n<p>&nbsp;<\/p>\n<p>&#8230;<\/p>\n","protected":false},"excerpt":{"rendered":"<p>Nu b\u00f6rjar hallaryd.se sakta f\u00e5 sin nya struktur och form. Tanken \u00e4r att den nya sidan ska vara mer levande och aktiv. H\u00e4r kommer du att kunna hitta information fr\u00e5n alla Hallaryds f\u00f6reningar, f\u00f6rsamlingar och andra organisationer. I kalendern kommer &hellip; <a href=\"https:\/\/hallaryd.se\/?p=107\">Continue reading <span class=\"meta-nav\">&rarr;<\/span><\/a><\/p>\n","protected":false},"author":12,"featured_media":0,"comment_status":"open","ping_status":"open","sticky":false,"template":"","format":"standard","meta":{"footnotes":""},"categories":[1],"tags":[],"class_list":["post-107","post","type-post","status-publish","format-standard","hentry","category-okategoriserade"],"_links":{"self":[{"href":"https:\/\/hallaryd.se\/index.php?rest_route=\/wp\/v2\/posts\/107","targetHints":{"allow":["GET"]}}],"collection":[{"href":"https:\/\/hallaryd.se\/index.php?rest_route=\/wp\/v2\/posts"}],"about":[{"href":"https:\/\/hallaryd.se\/index.php?rest_route=\/wp\/v2\/types\/post"}],"author":[{"embeddable":true,"href":"https:\/\/hallaryd.se\/index.php?rest_route=\/wp\/v2\/users\/12"}],"replies":[{"embeddable":true,"href":"https:\/\/hallaryd.se\/index.php?rest_route=%2Fwp%2Fv2%2Fcomments&post=107"}],"version-history":[{"count":10,"href":"https:\/\/hallaryd.se\/index.php?rest_route=\/wp\/v2\/posts\/107\/revisions"}],"predecessor-version":[{"id":118,"href":"https:\/\/hallaryd.se\/index.php?rest_route=\/wp\/v2\/posts\/107\/revisions\/118"}],"wp:attachment":[{"href":"https:\/\/hallaryd.se\/index.php?rest_route=%2Fwp%2Fv2%2Fmedia&parent=107"}],"wp:term":[{"taxonomy":"category","embeddable":true,"href":"https:\/\/hallaryd.se\/index.php?rest_route=%2Fwp%2Fv2%2Fcategories&post=107"},{"taxonomy":"post_tag","embeddable":true,"href":"https:\/\/hallaryd.se\/index.php?rest_route=%2Fwp%2Fv2%2Ftags&post=107"}],"curies":[{"name":"wp","href":"https:\/\/api.w.org\/{rel}","templated":true}]}}