{"id":1015,"date":"2019-03-24T20:24:33","date_gmt":"2019-03-24T19:24:33","guid":{"rendered":"http:\/\/hallaryd.se\/?p=1015"},"modified":"2019-03-24T20:24:33","modified_gmt":"2019-03-24T19:24:33","slug":"sockenradets-arsmote-2019","status":"publish","type":"post","link":"https:\/\/hallaryd.se\/?p=1015","title":{"rendered":"Sockenr\u00e5dets \u00e5rsm\u00f6te 2019"},"content":{"rendered":"<p>Sockenr\u00e5dets \u00e5rsm\u00f6te 2019 h\u00f6lls i fina Hallarydsg\u00e5rden.<br \/>\nHallarydsg\u00e5rden blev fullsatt, stor uppslutning och gott engagemang.<br \/>\nSt\u00e4mningen var god och \u00e5rs m\u00f6tet f\u00f6rl\u00f6pte v\u00e4l under Bo Mazetti-Nissens ledning.<br \/>\nF\u00f6rutom sedvanliga redovisningar och val s\u00e5 diskuterades med stort engagemang under \u00f6vriga fr\u00e5gor framtida utvecklings m\u00f6jligheter f\u00f6r v\u00e5rt Hallaryd.<br \/>\nEfter m\u00f6tets avslut var det dags f\u00f6r go fika med Veronicas underbara bakverk.<br \/>\nTack f\u00f6r den goda uppslutningen.<br \/>\nSockenr\u00e5dets styrelse genom Lena Roslund.<\/p>\n<p><a href=\"http:\/\/hallaryd.se\/wp-content\/uploads\/2019\/03\/\u00c5rsm\u00f6te-2019-bild-2.jpg\"><img loading=\"lazy\" decoding=\"async\" class=\"alignnone size-medium wp-image-1017\" alt=\"\u00c5rsm\u00f6te 2019 bild 2\" src=\"http:\/\/hallaryd.se\/wp-content\/uploads\/2019\/03\/\u00c5rsm\u00f6te-2019-bild-2-224x300.jpg\" width=\"224\" height=\"300\" srcset=\"https:\/\/hallaryd.se\/wp-content\/uploads\/2019\/03\/\u00c5rsm\u00f6te-2019-bild-2-224x300.jpg 224w, https:\/\/hallaryd.se\/wp-content\/uploads\/2019\/03\/\u00c5rsm\u00f6te-2019-bild-2-767x1024.jpg 767w\" sizes=\"auto, (max-width: 224px) 100vw, 224px\" \/><a href=\"http:\/\/hallaryd.se\/wp-content\/uploads\/2019\/03\/rsm\u00f6te-2019-bild-1-e1553455424943.jpg\"><img loading=\"lazy\" decoding=\"async\" class=\"alignnone size-medium wp-image-1016\" alt=\"\u00c5rsm\u00f6te 2019 bild 1\" src=\"http:\/\/hallaryd.se\/wp-content\/uploads\/2019\/03\/rsm\u00f6te-2019-bild-1-e1553455424943-225x300.jpg\" width=\"225\" height=\"300\" srcset=\"https:\/\/hallaryd.se\/wp-content\/uploads\/2019\/03\/rsm\u00f6te-2019-bild-1-e1553455424943-225x300.jpg 225w, https:\/\/hallaryd.se\/wp-content\/uploads\/2019\/03\/rsm\u00f6te-2019-bild-1-e1553455424943-768x1024.jpg 768w\" sizes=\"auto, (max-width: 225px) 100vw, 225px\" \/><\/a><\/a><\/p>\n","protected":false},"excerpt":{"rendered":"<p>Sockenr\u00e5dets \u00e5rsm\u00f6te 2019 h\u00f6lls i fina Hallarydsg\u00e5rden. Hallarydsg\u00e5rden blev fullsatt, stor uppslutning och gott engagemang. St\u00e4mningen var god och \u00e5rs m\u00f6tet f\u00f6rl\u00f6pte v\u00e4l under Bo Mazetti-Nissens ledning. F\u00f6rutom sedvanliga redovisningar och val s\u00e5 diskuterades med stort engagemang under \u00f6vriga fr\u00e5gor &hellip; <a href=\"https:\/\/hallaryd.se\/?p=1015\">Continue reading <span class=\"meta-nav\">&rarr;<\/span><\/a><\/p>\n","protected":false},"author":12,"featured_media":0,"comment_status":"open","ping_status":"open","sticky":false,"template":"","format":"standard","meta":{"footnotes":""},"categories":[1],"tags":[],"class_list":["post-1015","post","type-post","status-publish","format-standard","hentry","category-okategoriserade"],"_links":{"self":[{"href":"https:\/\/hallaryd.se\/index.php?rest_route=\/wp\/v2\/posts\/1015","targetHints":{"allow":["GET"]}}],"collection":[{"href":"https:\/\/hallaryd.se\/index.php?rest_route=\/wp\/v2\/posts"}],"about":[{"href":"https:\/\/hallaryd.se\/index.php?rest_route=\/wp\/v2\/types\/post"}],"author":[{"embeddable":true,"href":"https:\/\/hallaryd.se\/index.php?rest_route=\/wp\/v2\/users\/12"}],"replies":[{"embeddable":true,"href":"https:\/\/hallaryd.se\/index.php?rest_route=%2Fwp%2Fv2%2Fcomments&post=1015"}],"version-history":[{"count":1,"href":"https:\/\/hallaryd.se\/index.php?rest_route=\/wp\/v2\/posts\/1015\/revisions"}],"predecessor-version":[{"id":1018,"href":"https:\/\/hallaryd.se\/index.php?rest_route=\/wp\/v2\/posts\/1015\/revisions\/1018"}],"wp:attachment":[{"href":"https:\/\/hallaryd.se\/index.php?rest_route=%2Fwp%2Fv2%2Fmedia&parent=1015"}],"wp:term":[{"taxonomy":"category","embeddable":true,"href":"https:\/\/hallaryd.se\/index.php?rest_route=%2Fwp%2Fv2%2Fcategories&post=1015"},{"taxonomy":"post_tag","embeddable":true,"href":"https:\/\/hallaryd.se\/index.php?rest_route=%2Fwp%2Fv2%2Ftags&post=1015"}],"curies":[{"name":"wp","href":"https:\/\/api.w.org\/{rel}","templated":true}]}}